{"id":3482,"date":"2014-11-14T08:13:00","date_gmt":"2014-11-14T07:13:00","guid":{"rendered":"https:\/\/talleressantaeulalia.es\/?p=3482"},"modified":"2024-06-30T08:03:09","modified_gmt":"2024-06-30T06:03:09","slug":"evento-con-mediadores-de-catalana-occidente","status":"publish","type":"post","link":"https:\/\/talleressantaeulalia.es\/ca\/evento-con-mediadores-de-catalana-occidente\/","title":{"rendered":"Esdeveniment amb Mediadors de Catalana Occident"},"content":{"rendered":"<div data-elementor-type=\"wp-post\" data-elementor-id=\"3482\" class=\"elementor elementor-3482\" data-elementor-post-type=\"post\">\n\t\t\t\t<div class=\"elementor-element elementor-element-08195ce e-flex e-con-boxed e-con e-parent\" data-id=\"08195ce\" data-element_type=\"container\">\n\t\t\t\t\t<div class=\"e-con-inner\">\n\t\t\t\t<div class=\"elementor-element elementor-element-537a57d elementor-widget elementor-widget-text-editor\" data-id=\"537a57d\" data-element_type=\"widget\" data-widget_type=\"text-editor.default\">\n\t\t\t\t<div class=\"elementor-widget-container\">\n\t\t\t\t\t\t\t\t\t<p>El passat 16 d&#039;octubre, Tallers Santa Eul\u00e0lia va celebrar un esdeveniment exit\u00f3s en col\u00b7laboraci\u00f3 amb mediadors de Catalana Occident. Durant aquesta jornada, es va realitzar una presentaci\u00f3 detallada dels serveis de valor afegit oferts pel taller, i els assistents van tenir l&#039;oportunitat de rec\u00f3rrer les nostres instal\u00b7lacions.<\/p>\t\t\t\t\t\t\t\t<\/div>\n\t\t\t\t<\/div>\n\t\t\t\t<div class=\"elementor-element elementor-element-f189c6e elementor-widget elementor-widget-heading\" data-id=\"f189c6e\" data-element_type=\"widget\" data-widget_type=\"heading.default\">\n\t\t\t\t<div class=\"elementor-widget-container\">\n\t\t\t\t\t<h2 class=\"elementor-heading-title elementor-size-default\">Una jornada informativa i d&#039;interacci\u00f3<\/h2>\t\t\t\t<\/div>\n\t\t\t\t<\/div>\n\t\t\t\t<div class=\"elementor-element elementor-element-715dfae elementor-widget elementor-widget-text-editor\" data-id=\"715dfae\" data-element_type=\"widget\" data-widget_type=\"text-editor.default\">\n\t\t\t\t<div class=\"elementor-widget-container\">\n\t\t\t\t\t\t\t\t\t<p>Seguint l&#039;\u00e8xit de l&#039;esdeveniment anterior amb mediadors de Zuric, aquesta vegada rebem els mediadors de Catalana Occident. La jornada va comen\u00e7ar amb un recorregut guiat per Antonio Olea, el nostre administrador, que va explicar detalladament els serveis de valor afegit, les eines i l&#039;equip professional amb qu\u00e8 compta Tallers Santa Eulalia. Els assistents van poder observar de primera m\u00e0 el treball realitzat a les nostres \u00e0rees de xapa, mec\u00e0nica i pintura.<\/p>\t\t\t\t\t\t\t\t<\/div>\n\t\t\t\t<\/div>\n\t\t\t\t<div class=\"elementor-element elementor-element-93981b3 elementor-widget elementor-widget-gallery\" data-id=\"93981b3\" data-element_type=\"widget\" data-settings=\"{&quot;columns&quot;:2,&quot;lazyload&quot;:&quot;yes&quot;,&quot;gallery_layout&quot;:&quot;grid&quot;,&quot;columns_tablet&quot;:2,&quot;columns_mobile&quot;:1,&quot;gap&quot;:{&quot;unit&quot;:&quot;px&quot;,&quot;size&quot;:10,&quot;sizes&quot;:[]},&quot;gap_tablet&quot;:{&quot;unit&quot;:&quot;px&quot;,&quot;size&quot;:10,&quot;sizes&quot;:[]},&quot;gap_mobile&quot;:{&quot;unit&quot;:&quot;px&quot;,&quot;size&quot;:10,&quot;sizes&quot;:[]},&quot;link_to&quot;:&quot;file&quot;,&quot;aspect_ratio&quot;:&quot;3:2&quot;,&quot;overlay_background&quot;:&quot;yes&quot;,&quot;content_hover_animation&quot;:&quot;fade-in&quot;}\" data-widget_type=\"gallery.default\">\n\t\t\t\t<div class=\"elementor-widget-container\">\n\t\t\t\t\t\t\t<div class=\"elementor-gallery__container\">\n\t\t\t\t\t\t\t<a class=\"e-gallery-item elementor-gallery-item elementor-animated-content\" href=\"https:\/\/talleressantaeulalia.es\/wp-content\/uploads\/2024\/06\/catalana-occidente-04.jpg\" data-elementor-open-lightbox=\"yes\" data-elementor-lightbox-slideshow=\"93981b3\" data-elementor-lightbox-title=\"catalana-occidente-04\" data-e-action-hash=\"#elementor-action%3Aaction%3Dlightbox%26settings%3DeyJpZCI6MzQ5NSwidXJsIjoiaHR0cHM6XC9cL3RhbGxlcmVzc2FudGFldWxhbGlhLmVzXC93cC1jb250ZW50XC91cGxvYWRzXC8yMDI0XC8wNlwvY2F0YWxhbmEtb2NjaWRlbnRlLTA0LmpwZyIsInNsaWRlc2hvdyI6IjkzOTgxYjMifQ%3D%3D\">\n\t\t\t\t\t<div class=\"e-gallery-image elementor-gallery-item__image\" data-thumbnail=\"https:\/\/talleressantaeulalia.es\/wp-content\/uploads\/2024\/06\/catalana-occidente-04-300x188.jpg\" data-width=\"300\" data-height=\"188\" aria-label=\"persones caminant executives\" role=\"img\" ><\/div>\n\t\t\t\t\t\t\t\t\t\t\t<div class=\"elementor-gallery-item__overlay\"><\/div>\n\t\t\t\t\t\t\t\t\t\t\t\t\t\t<\/a>\n\t\t\t\t\t\t\t<a class=\"e-gallery-item elementor-gallery-item elementor-animated-content\" href=\"https:\/\/talleressantaeulalia.es\/wp-content\/uploads\/2024\/06\/catalana-occidente-05.jpg\" data-elementor-open-lightbox=\"yes\" data-elementor-lightbox-slideshow=\"93981b3\" data-elementor-lightbox-title=\"catalana-occidente-05\" data-e-action-hash=\"#elementor-action%3Aaction%3Dlightbox%26settings%3DeyJpZCI6MzQ5NiwidXJsIjoiaHR0cHM6XC9cL3RhbGxlcmVzc2FudGFldWxhbGlhLmVzXC93cC1jb250ZW50XC91cGxvYWRzXC8yMDI0XC8wNlwvY2F0YWxhbmEtb2NjaWRlbnRlLTA1LmpwZyIsInNsaWRlc2hvdyI6IjkzOTgxYjMifQ%3D%3D\">\n\t\t\t\t\t<div class=\"e-gallery-image elementor-gallery-item__image\" data-thumbnail=\"https:\/\/talleressantaeulalia.es\/wp-content\/uploads\/2024\/06\/catalana-occidente-05-300x188.jpg\" data-width=\"300\" data-height=\"188\" aria-label=\"catalana-occident persones esdeveniment fora\" role=\"img\" ><\/div>\n\t\t\t\t\t\t\t\t\t\t\t<div class=\"elementor-gallery-item__overlay\"><\/div>\n\t\t\t\t\t\t\t\t\t\t\t\t\t\t<\/a>\n\t\t\t\t\t<\/div>\n\t\t\t\t\t<\/div>\n\t\t\t\t<\/div>\n\t\t\t\t<div class=\"elementor-element elementor-element-091e94d elementor-widget elementor-widget-heading\" data-id=\"091e94d\" data-element_type=\"widget\" data-widget_type=\"heading.default\">\n\t\t\t\t<div class=\"elementor-widget-container\">\n\t\t\t\t\t<h2 class=\"elementor-heading-title elementor-size-default\">Experi\u00e8ncia Pr\u00e0ctica<\/h2>\t\t\t\t<\/div>\n\t\t\t\t<\/div>\n\t\t\t\t<div class=\"elementor-element elementor-element-2cf1931 elementor-widget elementor-widget-text-editor\" data-id=\"2cf1931\" data-element_type=\"widget\" data-widget_type=\"text-editor.default\">\n\t\t\t\t<div class=\"elementor-widget-container\">\n\t\t\t\t\t\t\t\t\t<p>Durant el recorregut, un dels mediadors va ser convidat a participar volunt\u00e0riament a una demostraci\u00f3 d&#039;aplicaci\u00f3 de pintura. Aquesta activitat va permetre als assistents experimentar directament la qualitat de les nostres eines i productes, tot refor\u00e7ant la confian\u00e7a en els serveis que oferim.<\/p>\t\t\t\t\t\t\t\t<\/div>\n\t\t\t\t<\/div>\n\t\t\t\t<div class=\"elementor-element elementor-element-d22ec11 elementor-widget elementor-widget-video\" data-id=\"d22ec11\" data-element_type=\"widget\" data-settings=\"{&quot;youtube_url&quot;:&quot;https:\\\/\\\/youtu.be\\\/MkzgZdyw8QQ?si=6oxtC0Ezfmys_0XI&quot;,&quot;video_type&quot;:&quot;youtube&quot;,&quot;controls&quot;:&quot;yes&quot;}\" data-widget_type=\"video.default\">\n\t\t\t\t<div class=\"elementor-widget-container\">\n\t\t\t\t\t\t\t<div class=\"elementor-wrapper elementor-open-inline\">\n\t\t\t<div class=\"elementor-video\"><\/div>\t\t<\/div>\n\t\t\t\t\t\t<\/div>\n\t\t\t\t<\/div>\n\t\t\t\t<div class=\"elementor-element elementor-element-8f92445 elementor-widget elementor-widget-heading\" data-id=\"8f92445\" data-element_type=\"widget\" data-widget_type=\"heading.default\">\n\t\t\t\t<div class=\"elementor-widget-container\">\n\t\t\t\t\t<h2 class=\"elementor-heading-title elementor-size-default\">Conclusi\u00f3 de l&#039;esdeveniment<\/h2>\t\t\t\t<\/div>\n\t\t\t\t<\/div>\n\t\t\t\t<div class=\"elementor-element elementor-element-941bb11 elementor-widget elementor-widget-text-editor\" data-id=\"941bb11\" data-element_type=\"widget\" data-widget_type=\"text-editor.default\">\n\t\t\t\t<div class=\"elementor-widget-container\">\n\t\t\t\t\t\t\t\t\t<p>La jornada va concloure amb una agradable pica pica, cortesia de Tallers Santa Eul\u00e0lia, on els mediadors de Catalana Occident van poder relaxar-se i socialitzar. Aquest esdeveniment no nom\u00e9s va permetre mostrar les nostres capacitats i serveis, sin\u00f3 tamb\u00e9 enfortir les relacions amb els nostres col\u00b7laboradors.<\/p>\t\t\t\t\t\t\t\t<\/div>\n\t\t\t\t<\/div>\n\t\t\t\t<div class=\"elementor-element elementor-element-f35df03 elementor-widget elementor-widget-gallery\" data-id=\"f35df03\" data-element_type=\"widget\" data-settings=\"{&quot;lazyload&quot;:&quot;yes&quot;,&quot;gallery_layout&quot;:&quot;grid&quot;,&quot;columns&quot;:4,&quot;columns_tablet&quot;:2,&quot;columns_mobile&quot;:1,&quot;gap&quot;:{&quot;unit&quot;:&quot;px&quot;,&quot;size&quot;:10,&quot;sizes&quot;:[]},&quot;gap_tablet&quot;:{&quot;unit&quot;:&quot;px&quot;,&quot;size&quot;:10,&quot;sizes&quot;:[]},&quot;gap_mobile&quot;:{&quot;unit&quot;:&quot;px&quot;,&quot;size&quot;:10,&quot;sizes&quot;:[]},&quot;link_to&quot;:&quot;file&quot;,&quot;aspect_ratio&quot;:&quot;3:2&quot;,&quot;overlay_background&quot;:&quot;yes&quot;,&quot;content_hover_animation&quot;:&quot;fade-in&quot;}\" data-widget_type=\"gallery.default\">\n\t\t\t\t<div class=\"elementor-widget-container\">\n\t\t\t\t\t\t\t<div class=\"elementor-gallery__container\">\n\t\t\t\t\t\t\t<a class=\"e-gallery-item elementor-gallery-item elementor-animated-content\" href=\"https:\/\/talleressantaeulalia.es\/wp-content\/uploads\/2024\/06\/catalana-occidente-02.jpg\" data-elementor-open-lightbox=\"yes\" data-elementor-lightbox-slideshow=\"f35df03\" data-elementor-lightbox-title=\"catalana-occidente-02\" data-e-action-hash=\"#elementor-action%3Aaction%3Dlightbox%26settings%3DeyJpZCI6MzUwMiwidXJsIjoiaHR0cHM6XC9cL3RhbGxlcmVzc2FudGFldWxhbGlhLmVzXC93cC1jb250ZW50XC91cGxvYWRzXC8yMDI0XC8wNlwvY2F0YWxhbmEtb2NjaWRlbnRlLTAyLmpwZyIsInNsaWRlc2hvdyI6ImYzNWRmMDMifQ%3D%3D\">\n\t\t\t\t\t<div class=\"e-gallery-image elementor-gallery-item__image\" data-thumbnail=\"https:\/\/talleressantaeulalia.es\/wp-content\/uploads\/2024\/06\/catalana-occidente-02-300x188.jpg\" data-width=\"300\" data-height=\"188\" aria-label=\"\" role=\"img\" ><\/div>\n\t\t\t\t\t\t\t\t\t\t\t<div class=\"elementor-gallery-item__overlay\"><\/div>\n\t\t\t\t\t\t\t\t\t\t\t\t\t\t<\/a>\n\t\t\t\t\t\t\t<a class=\"e-gallery-item elementor-gallery-item elementor-animated-content\" href=\"https:\/\/talleressantaeulalia.es\/wp-content\/uploads\/2024\/06\/catalana-occidente-03.jpg\" data-elementor-open-lightbox=\"yes\" data-elementor-lightbox-slideshow=\"f35df03\" data-elementor-lightbox-title=\"catalana-occidente-03\" data-e-action-hash=\"#elementor-action%3Aaction%3Dlightbox%26settings%3DeyJpZCI6MzUwMywidXJsIjoiaHR0cHM6XC9cL3RhbGxlcmVzc2FudGFldWxhbGlhLmVzXC93cC1jb250ZW50XC91cGxvYWRzXC8yMDI0XC8wNlwvY2F0YWxhbmEtb2NjaWRlbnRlLTAzLmpwZyIsInNsaWRlc2hvdyI6ImYzNWRmMDMifQ%3D%3D\">\n\t\t\t\t\t<div class=\"e-gallery-image elementor-gallery-item__image\" data-thumbnail=\"https:\/\/talleressantaeulalia.es\/wp-content\/uploads\/2024\/06\/catalana-occidente-03-300x188.jpg\" data-width=\"300\" data-height=\"188\" aria-label=\"menjar repartit a taula\" role=\"img\" ><\/div>\n\t\t\t\t\t\t\t\t\t\t\t<div class=\"elementor-gallery-item__overlay\"><\/div>\n\t\t\t\t\t\t\t\t\t\t\t\t\t\t<\/a>\n\t\t\t\t\t\t\t<a class=\"e-gallery-item elementor-gallery-item elementor-animated-content\" href=\"https:\/\/talleressantaeulalia.es\/wp-content\/uploads\/2024\/06\/catalana-occidente_Mesa-de-trabajo-1.jpg\" data-elementor-open-lightbox=\"yes\" data-elementor-lightbox-slideshow=\"f35df03\" data-elementor-lightbox-title=\"catalana-occidente_Mesa-de-trabajo-1\" data-e-action-hash=\"#elementor-action%3Aaction%3Dlightbox%26settings%3DeyJpZCI6MzUwNCwidXJsIjoiaHR0cHM6XC9cL3RhbGxlcmVzc2FudGFldWxhbGlhLmVzXC93cC1jb250ZW50XC91cGxvYWRzXC8yMDI0XC8wNlwvY2F0YWxhbmEtb2NjaWRlbnRlX01lc2EtZGUtdHJhYmFqby0xLmpwZyIsInNsaWRlc2hvdyI6ImYzNWRmMDMifQ%3D%3D\">\n\t\t\t\t\t<div class=\"e-gallery-image elementor-gallery-item__image\" data-thumbnail=\"https:\/\/talleressantaeulalia.es\/wp-content\/uploads\/2024\/06\/catalana-occidente_Mesa-de-trabajo-1-300x188.jpg\" data-width=\"300\" data-height=\"188\" aria-label=\"persona en un taller mec\u00e0nic menjant\" role=\"img\" ><\/div>\n\t\t\t\t\t\t\t\t\t\t\t<div class=\"elementor-gallery-item__overlay\"><\/div>\n\t\t\t\t\t\t\t\t\t\t\t\t\t\t<\/a>\n\t\t\t\t\t\t\t<a class=\"e-gallery-item elementor-gallery-item elementor-animated-content\" href=\"https:\/\/talleressantaeulalia.es\/wp-content\/uploads\/2024\/06\/catalana-occidente-07.jpg\" data-elementor-open-lightbox=\"yes\" data-elementor-lightbox-slideshow=\"f35df03\" data-elementor-lightbox-title=\"catalana-occidente-07\" data-e-action-hash=\"#elementor-action%3Aaction%3Dlightbox%26settings%3DeyJpZCI6MzUwNSwidXJsIjoiaHR0cHM6XC9cL3RhbGxlcmVzc2FudGFldWxhbGlhLmVzXC93cC1jb250ZW50XC91cGxvYWRzXC8yMDI0XC8wNlwvY2F0YWxhbmEtb2NjaWRlbnRlLTA3LmpwZyIsInNsaWRlc2hvdyI6ImYzNWRmMDMifQ%3D%3D\">\n\t\t\t\t\t<div class=\"e-gallery-image elementor-gallery-item__image\" data-thumbnail=\"https:\/\/talleressantaeulalia.es\/wp-content\/uploads\/2024\/06\/catalana-occidente-07-300x188.jpg\" data-width=\"300\" data-height=\"188\" aria-label=\"pintura de carro\" role=\"img\" ><\/div>\n\t\t\t\t\t\t\t\t\t\t\t<div class=\"elementor-gallery-item__overlay\"><\/div>\n\t\t\t\t\t\t\t\t\t\t\t\t\t\t<\/a>\n\t\t\t\t\t<\/div>\n\t\t\t\t\t<\/div>\n\t\t\t\t<\/div>\n\t\t\t\t\t<\/div>\n\t\t\t\t<\/div>\n\t\t\t\t<\/div>","protected":false},"excerpt":{"rendered":"<p>El passat 16 d&#039;octubre, Tallers Santa Eul\u00e0lia va celebrar un esdeveniment exit\u00f3s en col\u00b7laboraci\u00f3 amb mediadors de Catalana Occident. Durant aquesta jornada, es va realitzar una presentaci\u00f3 detallada dels serveis de valor afegit oferts pel taller, i els assistents van tenir l&#039;oportunitat de rec\u00f3rrer les nostres instal\u00b7lacions. Una Jornada Informativa i d&#039;Interacci\u00f3 Seguint el [\u2026]<\/p>","protected":false},"author":1,"featured_media":3483,"comment_status":"open","ping_status":"open","sticky":false,"template":"","format":"standard","meta":{"footnotes":""},"categories":[8],"tags":[],"class_list":["post-3482","post","type-post","status-publish","format-standard","has-post-thumbnail","hentry","category-proyectos"],"yoast_head":"<!-- This site is optimized with the Yoast SEO plugin v25.3.1 - https:\/\/yoast.com\/wordpress\/plugins\/seo\/ -->\n<title>Evento con Mediadores de Catalana Occidente - Talleres Santa Eulalia<\/title>\n<meta name=\"description\" content=\"Talleres Santa Eulalia organiz\u00f3 un exitoso evento con mediadores de Catalana Occidente, presentando sus Servicios de Valor A\u00f1adido.\" \/>\n<meta name=\"robots\" content=\"index, follow, max-snippet:-1, max-image-preview:large, max-video-preview:-1\" \/>\n<link rel=\"canonical\" href=\"https:\/\/talleressantaeulalia.es\/ca\/evento-con-mediadores-de-catalana-occidente\/\" \/>\n<meta property=\"og:locale\" content=\"ca_ES\" \/>\n<meta property=\"og:type\" content=\"article\" \/>\n<meta property=\"og:title\" content=\"Evento con Mediadores de Catalana Occidente - Talleres Santa Eulalia\" \/>\n<meta property=\"og:description\" content=\"Talleres Santa Eulalia organiz\u00f3 un exitoso evento con mediadores de Catalana Occidente, presentando sus Servicios de Valor A\u00f1adido.\" \/>\n<meta property=\"og:url\" content=\"https:\/\/talleressantaeulalia.es\/ca\/evento-con-mediadores-de-catalana-occidente\/\" \/>\n<meta property=\"og:site_name\" content=\"Talleres Santa Eulalia\" \/>\n<meta property=\"article:publisher\" content=\"https:\/\/www.facebook.com\/talleressantaeulalia\" \/>\n<meta property=\"article:published_time\" content=\"2014-11-14T07:13:00+00:00\" \/>\n<meta property=\"article:modified_time\" content=\"2024-06-30T06:03:09+00:00\" \/>\n<meta property=\"og:image\" content=\"https:\/\/talleressantaeulalia.es\/wp-content\/uploads\/2024\/06\/catalana-occidente-06.jpg\" \/>\n\t<meta property=\"og:image:width\" content=\"1201\" \/>\n\t<meta property=\"og:image:height\" content=\"751\" \/>\n\t<meta property=\"og:image:type\" content=\"image\/jpeg\" \/>\n<meta name=\"author\" content=\"JohnniB\" \/>\n<meta name=\"twitter:card\" content=\"summary_large_image\" \/>\n<meta name=\"twitter:creator\" content=\"@Talleres\" \/>\n<meta name=\"twitter:label1\" content=\"Escrit per\" \/>\n\t<meta name=\"twitter:data1\" content=\"JohnniB\" \/>\n\t<meta name=\"twitter:label2\" content=\"Temps estimat de lectura\" \/>\n\t<meta name=\"twitter:data2\" content=\"2 minuts\" \/>\n<script type=\"application\/ld+json\" class=\"yoast-schema-graph\">{\"@context\":\"https:\/\/schema.org\",\"@graph\":[{\"@type\":\"Article\",\"@id\":\"https:\/\/talleressantaeulalia.es\/evento-con-mediadores-de-catalana-occidente\/#article\",\"isPartOf\":{\"@id\":\"https:\/\/talleressantaeulalia.es\/evento-con-mediadores-de-catalana-occidente\/\"},\"author\":{\"name\":\"JohnniB\",\"@id\":\"https:\/\/talleressantaeulalia.es\/#\/schema\/person\/8c5509c045f5df0ccc238bd49b191e71\"},\"headline\":\"Evento con Mediadores de Catalana Occidente\",\"datePublished\":\"2014-11-14T07:13:00+00:00\",\"dateModified\":\"2024-06-30T06:03:09+00:00\",\"mainEntityOfPage\":{\"@id\":\"https:\/\/talleressantaeulalia.es\/evento-con-mediadores-de-catalana-occidente\/\"},\"wordCount\":238,\"commentCount\":0,\"publisher\":{\"@id\":\"https:\/\/talleressantaeulalia.es\/#organization\"},\"image\":{\"@id\":\"https:\/\/talleressantaeulalia.es\/evento-con-mediadores-de-catalana-occidente\/#primaryimage\"},\"thumbnailUrl\":\"https:\/\/talleressantaeulalia.es\/wp-content\/uploads\/2024\/06\/catalana-occidente-06.jpg\",\"articleSection\":[\"Proyectos\"],\"inLanguage\":\"ca\",\"potentialAction\":[{\"@type\":\"CommentAction\",\"name\":\"Comment\",\"target\":[\"https:\/\/talleressantaeulalia.es\/evento-con-mediadores-de-catalana-occidente\/#respond\"]}]},{\"@type\":\"WebPage\",\"@id\":\"https:\/\/talleressantaeulalia.es\/evento-con-mediadores-de-catalana-occidente\/\",\"url\":\"https:\/\/talleressantaeulalia.es\/evento-con-mediadores-de-catalana-occidente\/\",\"name\":\"Evento con Mediadores de Catalana Occidente - Talleres Santa Eulalia\",\"isPartOf\":{\"@id\":\"https:\/\/talleressantaeulalia.es\/#website\"},\"primaryImageOfPage\":{\"@id\":\"https:\/\/talleressantaeulalia.es\/evento-con-mediadores-de-catalana-occidente\/#primaryimage\"},\"image\":{\"@id\":\"https:\/\/talleressantaeulalia.es\/evento-con-mediadores-de-catalana-occidente\/#primaryimage\"},\"thumbnailUrl\":\"https:\/\/talleressantaeulalia.es\/wp-content\/uploads\/2024\/06\/catalana-occidente-06.jpg\",\"datePublished\":\"2014-11-14T07:13:00+00:00\",\"dateModified\":\"2024-06-30T06:03:09+00:00\",\"description\":\"Talleres Santa Eulalia organiz\u00f3 un exitoso evento con mediadores de Catalana Occidente, presentando sus Servicios de Valor A\u00f1adido.\",\"breadcrumb\":{\"@id\":\"https:\/\/talleressantaeulalia.es\/evento-con-mediadores-de-catalana-occidente\/#breadcrumb\"},\"inLanguage\":\"ca\",\"potentialAction\":[{\"@type\":\"ReadAction\",\"target\":[\"https:\/\/talleressantaeulalia.es\/evento-con-mediadores-de-catalana-occidente\/\"]}]},{\"@type\":\"ImageObject\",\"inLanguage\":\"ca\",\"@id\":\"https:\/\/talleressantaeulalia.es\/evento-con-mediadores-de-catalana-occidente\/#primaryimage\",\"url\":\"https:\/\/talleressantaeulalia.es\/wp-content\/uploads\/2024\/06\/catalana-occidente-06.jpg\",\"contentUrl\":\"https:\/\/talleressantaeulalia.es\/wp-content\/uploads\/2024\/06\/catalana-occidente-06.jpg\",\"width\":1201,\"height\":751,\"caption\":\"catalana-occidente-06\"},{\"@type\":\"BreadcrumbList\",\"@id\":\"https:\/\/talleressantaeulalia.es\/evento-con-mediadores-de-catalana-occidente\/#breadcrumb\",\"itemListElement\":[{\"@type\":\"ListItem\",\"position\":1,\"name\":\"Portada\",\"item\":\"https:\/\/talleressantaeulalia.es\/\"},{\"@type\":\"ListItem\",\"position\":2,\"name\":\"Evento con Mediadores de Catalana Occidente\"}]},{\"@type\":\"WebSite\",\"@id\":\"https:\/\/talleressantaeulalia.es\/#website\",\"url\":\"https:\/\/talleressantaeulalia.es\/\",\"name\":\"Talleres Santa Eulalia\",\"description\":\"Taller mecanio en Terrassa, reparaci\u00f3n de veh\u00edculos, servicio oficial Tesla. Ofrecemos servicios de mec\u00e1nica, chapa y pintura con la garant\u00eda de calidad desde 1978\",\"publisher\":{\"@id\":\"https:\/\/talleressantaeulalia.es\/#organization\"},\"potentialAction\":[{\"@type\":\"SearchAction\",\"target\":{\"@type\":\"EntryPoint\",\"urlTemplate\":\"https:\/\/talleressantaeulalia.es\/?s={search_term_string}\"},\"query-input\":{\"@type\":\"PropertyValueSpecification\",\"valueRequired\":true,\"valueName\":\"search_term_string\"}}],\"inLanguage\":\"ca\"},{\"@type\":\"Organization\",\"@id\":\"https:\/\/talleressantaeulalia.es\/#organization\",\"name\":\"Talleres Santa Eulalia\",\"url\":\"https:\/\/talleressantaeulalia.es\/\",\"logo\":{\"@type\":\"ImageObject\",\"inLanguage\":\"ca\",\"@id\":\"https:\/\/talleressantaeulalia.es\/#\/schema\/logo\/image\/\",\"url\":\"https:\/\/talleressantaeulalia.es\/wp-content\/uploads\/2024\/06\/Logo-Talleres-Santa-Eulalia.png\",\"contentUrl\":\"https:\/\/talleressantaeulalia.es\/wp-content\/uploads\/2024\/06\/Logo-Talleres-Santa-Eulalia.png\",\"width\":253,\"height\":75,\"caption\":\"Talleres Santa Eulalia\"},\"image\":{\"@id\":\"https:\/\/talleressantaeulalia.es\/#\/schema\/logo\/image\/\"},\"sameAs\":[\"https:\/\/www.facebook.com\/talleressantaeulalia\",\"https:\/\/www.instagram.com\/talleres_santa_eulalia?igshid=q7vow4s39hla\",\"https:\/\/www.youtube.com\/channel\/UCs2QRdoHYKCNgHkm6bKUVmg\"]},{\"@type\":\"Person\",\"@id\":\"https:\/\/talleressantaeulalia.es\/#\/schema\/person\/8c5509c045f5df0ccc238bd49b191e71\",\"name\":\"JohnniB\",\"image\":{\"@type\":\"ImageObject\",\"inLanguage\":\"ca\",\"@id\":\"https:\/\/talleressantaeulalia.es\/#\/schema\/person\/image\/\",\"url\":\"https:\/\/secure.gravatar.com\/avatar\/2a71b723e48d13a93a73c33e04c546b11e4b1cfa63db29986c7fdbfde3022571?s=96&d=mm&r=g\",\"contentUrl\":\"https:\/\/secure.gravatar.com\/avatar\/2a71b723e48d13a93a73c33e04c546b11e4b1cfa63db29986c7fdbfde3022571?s=96&d=mm&r=g\",\"caption\":\"JohnniB\"},\"sameAs\":[\"https:\/\/talleressantaeulalia.es\",\"https:\/\/x.com\/Talleres\"],\"url\":\"https:\/\/talleressantaeulalia.es\/ca\/author\/johnnib\/\"}]}<\/script>\n<!-- \/ Yoast SEO plugin. -->","yoast_head_json":{"title":"Evento con Mediadores de Catalana Occidente - Talleres Santa Eulalia","description":"Talleres Santa Eulalia organiz\u00f3 un exitoso evento con mediadores de Catalana Occidente, presentando sus Servicios de Valor A\u00f1adido.","robots":{"index":"index","follow":"follow","max-snippet":"max-snippet:-1","max-image-preview":"max-image-preview:large","max-video-preview":"max-video-preview:-1"},"canonical":"https:\/\/talleressantaeulalia.es\/ca\/evento-con-mediadores-de-catalana-occidente\/","og_locale":"ca_ES","og_type":"article","og_title":"Evento con Mediadores de Catalana Occidente - Talleres Santa Eulalia","og_description":"Talleres Santa Eulalia organiz\u00f3 un exitoso evento con mediadores de Catalana Occidente, presentando sus Servicios de Valor A\u00f1adido.","og_url":"https:\/\/talleressantaeulalia.es\/ca\/evento-con-mediadores-de-catalana-occidente\/","og_site_name":"Talleres Santa Eulalia","article_publisher":"https:\/\/www.facebook.com\/talleressantaeulalia","article_published_time":"2014-11-14T07:13:00+00:00","article_modified_time":"2024-06-30T06:03:09+00:00","og_image":[{"width":1201,"height":751,"url":"https:\/\/talleressantaeulalia.es\/wp-content\/uploads\/2024\/06\/catalana-occidente-06.jpg","type":"image\/jpeg"}],"author":"JohnniB","twitter_card":"summary_large_image","twitter_creator":"@Talleres","twitter_misc":{"Escrit per":"JohnniB","Temps estimat de lectura":"2 minuts"},"schema":{"@context":"https:\/\/schema.org","@graph":[{"@type":"Article","@id":"https:\/\/talleressantaeulalia.es\/evento-con-mediadores-de-catalana-occidente\/#article","isPartOf":{"@id":"https:\/\/talleressantaeulalia.es\/evento-con-mediadores-de-catalana-occidente\/"},"author":{"name":"JohnniB","@id":"https:\/\/talleressantaeulalia.es\/#\/schema\/person\/8c5509c045f5df0ccc238bd49b191e71"},"headline":"Evento con Mediadores de Catalana Occidente","datePublished":"2014-11-14T07:13:00+00:00","dateModified":"2024-06-30T06:03:09+00:00","mainEntityOfPage":{"@id":"https:\/\/talleressantaeulalia.es\/evento-con-mediadores-de-catalana-occidente\/"},"wordCount":238,"commentCount":0,"publisher":{"@id":"https:\/\/talleressantaeulalia.es\/#organization"},"image":{"@id":"https:\/\/talleressantaeulalia.es\/evento-con-mediadores-de-catalana-occidente\/#primaryimage"},"thumbnailUrl":"https:\/\/talleressantaeulalia.es\/wp-content\/uploads\/2024\/06\/catalana-occidente-06.jpg","articleSection":["Proyectos"],"inLanguage":"ca","potentialAction":[{"@type":"CommentAction","name":"Comment","target":["https:\/\/talleressantaeulalia.es\/evento-con-mediadores-de-catalana-occidente\/#respond"]}]},{"@type":"WebPage","@id":"https:\/\/talleressantaeulalia.es\/evento-con-mediadores-de-catalana-occidente\/","url":"https:\/\/talleressantaeulalia.es\/evento-con-mediadores-de-catalana-occidente\/","name":"Evento con Mediadores de Catalana Occidente - Talleres Santa Eulalia","isPartOf":{"@id":"https:\/\/talleressantaeulalia.es\/#website"},"primaryImageOfPage":{"@id":"https:\/\/talleressantaeulalia.es\/evento-con-mediadores-de-catalana-occidente\/#primaryimage"},"image":{"@id":"https:\/\/talleressantaeulalia.es\/evento-con-mediadores-de-catalana-occidente\/#primaryimage"},"thumbnailUrl":"https:\/\/talleressantaeulalia.es\/wp-content\/uploads\/2024\/06\/catalana-occidente-06.jpg","datePublished":"2014-11-14T07:13:00+00:00","dateModified":"2024-06-30T06:03:09+00:00","description":"Talleres Santa Eulalia organiz\u00f3 un exitoso evento con mediadores de Catalana Occidente, presentando sus Servicios de Valor A\u00f1adido.","breadcrumb":{"@id":"https:\/\/talleressantaeulalia.es\/evento-con-mediadores-de-catalana-occidente\/#breadcrumb"},"inLanguage":"ca","potentialAction":[{"@type":"ReadAction","target":["https:\/\/talleressantaeulalia.es\/evento-con-mediadores-de-catalana-occidente\/"]}]},{"@type":"ImageObject","inLanguage":"ca","@id":"https:\/\/talleressantaeulalia.es\/evento-con-mediadores-de-catalana-occidente\/#primaryimage","url":"https:\/\/talleressantaeulalia.es\/wp-content\/uploads\/2024\/06\/catalana-occidente-06.jpg","contentUrl":"https:\/\/talleressantaeulalia.es\/wp-content\/uploads\/2024\/06\/catalana-occidente-06.jpg","width":1201,"height":751,"caption":"catalana-occidente-06"},{"@type":"BreadcrumbList","@id":"https:\/\/talleressantaeulalia.es\/evento-con-mediadores-de-catalana-occidente\/#breadcrumb","itemListElement":[{"@type":"ListItem","position":1,"name":"Portada","item":"https:\/\/talleressantaeulalia.es\/"},{"@type":"ListItem","position":2,"name":"Evento con Mediadores de Catalana Occidente"}]},{"@type":"WebSite","@id":"https:\/\/talleressantaeulalia.es\/#website","url":"https:\/\/talleressantaeulalia.es\/","name":"Talleres Santa Eulalia","description":"Taller mecanio en Terrassa, reparaci\u00f3n de veh\u00edculos, servicio oficial Tesla. Ofrecemos servicios de mec\u00e1nica, chapa y pintura con la garant\u00eda de calidad desde 1978","publisher":{"@id":"https:\/\/talleressantaeulalia.es\/#organization"},"potentialAction":[{"@type":"SearchAction","target":{"@type":"EntryPoint","urlTemplate":"https:\/\/talleressantaeulalia.es\/?s={search_term_string}"},"query-input":{"@type":"PropertyValueSpecification","valueRequired":true,"valueName":"search_term_string"}}],"inLanguage":"ca"},{"@type":"Organization","@id":"https:\/\/talleressantaeulalia.es\/#organization","name":"Talleres Santa Eulalia","url":"https:\/\/talleressantaeulalia.es\/","logo":{"@type":"ImageObject","inLanguage":"ca","@id":"https:\/\/talleressantaeulalia.es\/#\/schema\/logo\/image\/","url":"https:\/\/talleressantaeulalia.es\/wp-content\/uploads\/2024\/06\/Logo-Talleres-Santa-Eulalia.png","contentUrl":"https:\/\/talleressantaeulalia.es\/wp-content\/uploads\/2024\/06\/Logo-Talleres-Santa-Eulalia.png","width":253,"height":75,"caption":"Talleres Santa Eulalia"},"image":{"@id":"https:\/\/talleressantaeulalia.es\/#\/schema\/logo\/image\/"},"sameAs":["https:\/\/www.facebook.com\/talleressantaeulalia","https:\/\/www.instagram.com\/talleres_santa_eulalia?igshid=q7vow4s39hla","https:\/\/www.youtube.com\/channel\/UCs2QRdoHYKCNgHkm6bKUVmg"]},{"@type":"Person","@id":"https:\/\/talleressantaeulalia.es\/#\/schema\/person\/8c5509c045f5df0ccc238bd49b191e71","name":"JohnniB","image":{"@type":"ImageObject","inLanguage":"ca","@id":"https:\/\/talleressantaeulalia.es\/#\/schema\/person\/image\/","url":"https:\/\/secure.gravatar.com\/avatar\/2a71b723e48d13a93a73c33e04c546b11e4b1cfa63db29986c7fdbfde3022571?s=96&d=mm&r=g","contentUrl":"https:\/\/secure.gravatar.com\/avatar\/2a71b723e48d13a93a73c33e04c546b11e4b1cfa63db29986c7fdbfde3022571?s=96&d=mm&r=g","caption":"JohnniB"},"sameAs":["https:\/\/talleressantaeulalia.es","https:\/\/x.com\/Talleres"],"url":"https:\/\/talleressantaeulalia.es\/ca\/author\/johnnib\/"}]}},"_links":{"self":[{"href":"https:\/\/talleressantaeulalia.es\/ca\/wp-json\/wp\/v2\/posts\/3482","targetHints":{"allow":["GET"]}}],"collection":[{"href":"https:\/\/talleressantaeulalia.es\/ca\/wp-json\/wp\/v2\/posts"}],"about":[{"href":"https:\/\/talleressantaeulalia.es\/ca\/wp-json\/wp\/v2\/types\/post"}],"author":[{"embeddable":true,"href":"https:\/\/talleressantaeulalia.es\/ca\/wp-json\/wp\/v2\/users\/1"}],"replies":[{"embeddable":true,"href":"https:\/\/talleressantaeulalia.es\/ca\/wp-json\/wp\/v2\/comments?post=3482"}],"version-history":[{"count":4,"href":"https:\/\/talleressantaeulalia.es\/ca\/wp-json\/wp\/v2\/posts\/3482\/revisions"}],"predecessor-version":[{"id":3510,"href":"https:\/\/talleressantaeulalia.es\/ca\/wp-json\/wp\/v2\/posts\/3482\/revisions\/3510"}],"wp:featuredmedia":[{"embeddable":true,"href":"https:\/\/talleressantaeulalia.es\/ca\/wp-json\/wp\/v2\/media\/3483"}],"wp:attachment":[{"href":"https:\/\/talleressantaeulalia.es\/ca\/wp-json\/wp\/v2\/media?parent=3482"}],"wp:term":[{"taxonomy":"category","embeddable":true,"href":"https:\/\/talleressantaeulalia.es\/ca\/wp-json\/wp\/v2\/categories?post=3482"},{"taxonomy":"post_tag","embeddable":true,"href":"https:\/\/talleressantaeulalia.es\/ca\/wp-json\/wp\/v2\/tags?post=3482"}],"curies":[{"name":"wp","href":"https:\/\/api.w.org\/{rel}","templated":true}]}}